[{"@context":"https:\/\/schema.org\/","@type":"Article","@id":"https:\/\/www.fabido.at\/prace-s-informacni-technologii\/#Article","mainEntityOfPage":"https:\/\/www.fabido.at\/prace-s-informacni-technologii\/","headline":"Pr\u00e1ce s informa\u010dn\u00ed technologi\u00ed","name":"Pr\u00e1ce s informa\u010dn\u00ed technologi\u00ed","description":"Chtlili byste um\u011bt zach\u00e1zet opravdu mit nejv\u00edce und po\u010d\u00edta\u010dem? Porozum\u011bt informa\u010dn\u00ed technologii? Pokud a tak j\u00e1 se v\u00e1m nediv\u00edm,proto\u017ee dne\u0161n\u00ed doba opravdu hodn\u011b nahr\u00e1v\u00e1\u5410 abyste umlili zach\u00e1zet s po\u010d\u00edta\u010dem,nehmen Sie abyste znali informa\u010dn\u00ed technologie,podobn.. Nicm\u00e9n\u011b na tom nem\u011bn\u00ed nic fakt,\u017ee byste nimmt an der z\u00e1kladn\u00ed \u0161kole m\u011bli d\u00e1vat pozor na,nimmt an der nau\u010dili po\u0159\u00e1dn\u011b informatiku teil,nimmt an der z\u00e1kladn\u00ed \u0161kole an der berou takov\u00e9 z\u00e1klady na po\u010d\u00edta\u010di teil. Ein kdy\u017e nebudete zn\u00e1t,um zt z\u00e1klady auf po\u010d\u00edta\u010di zu nehmen, je potom velice smutn\u00e9, proto\u017ee kdy\u017e nebudete zn\u00e1t z\u00e1klady zu nehmen, se potom Ani oder krok d\u00e1l neposunete. Nem\u017e\u017eete za\u010d\u00ednat \u00fapln\u00ed von Toho nejt\u017e\u017e\u0161\u00edho,abyste se nau\u010dili, nejsnaz\u0161\u00ed. Mus\u00edte v\u017edycky za\u010d\u00ednat von Toho nejslad\u0161\u00edho,abyste se dozv sedlili ty slo\u017eit\u00e9 vcici na po\u010d\u00edta\u010di,podobn.. J\u00e1-\u00e4hnliche experimentelle Dynamik si \u0159ekla, von \u017ee opravdu nejlep\u0161\u00ed, kdy von tebeba ka\u017ed\u00fd \u010dlov\u30fck si uv\u30fcdomil, [&hellip;]","datePublished":"2024-08-20","dateModified":"2024-08-20","author":{"@type":"Person","@id":"https:\/\/www.fabido.at\/author\/#Person","name":"","url":"https:\/\/www.fabido.at\/author\/","identifier":1,"image":{"@type":"ImageObject","@id":"https:\/\/secure.gravatar.com\/avatar\/6196ab3290f0588684cbf95ce4767834b8315bcb507f63d5b017eaff100340dd?s=96&d=mm&r=g","url":"https:\/\/secure.gravatar.com\/avatar\/6196ab3290f0588684cbf95ce4767834b8315bcb507f63d5b017eaff100340dd?s=96&d=mm&r=g","height":96,"width":96}},"publisher":{"@type":"Organization","name":"fabido.at","logo":{"@type":"ImageObject","@id":"\/logo.png","url":"\/logo.png","width":600,"height":60}},"image":{"@type":"ImageObject","@id":"https:\/\/www.fabido.at\/wp-content\/uploads\/computers-2653005_1280_2.jpg","url":"https:\/\/www.fabido.at\/wp-content\/uploads\/computers-2653005_1280_2.jpg","height":0,"width":0},"url":"https:\/\/www.fabido.at\/prace-s-informacni-technologii\/","about":["IT"],"wordCount":423,"articleBody":"Chtlili byste um\u011bt zach\u00e1zet opravdu mit nejv\u00edce und po\u010d\u00edta\u010dem? Porozum\u011bt informa\u010dn\u00ed technologii? Pokud a tak j\u00e1 se v\u00e1m nediv\u00edm,proto\u017ee dne\u0161n\u00ed doba opravdu hodn\u011b nahr\u00e1v\u00e1\u5410 abyste umlili zach\u00e1zet s po\u010d\u00edta\u010dem,nehmen Sie abyste znali informa\u010dn\u00ed technologie,podobn.. Nicm\u00e9n\u011b na tom nem\u011bn\u00ed nic fakt,\u017ee byste nimmt an der z\u00e1kladn\u00ed \u0161kole m\u011bli d\u00e1vat pozor na,nimmt an der nau\u010dili po\u0159\u00e1dn\u011b informatiku teil,nimmt an der z\u00e1kladn\u00ed \u0161kole an der berou takov\u00e9 z\u00e1klady na po\u010d\u00edta\u010di teil. Ein kdy\u017e nebudete zn\u00e1t,um zt z\u00e1klady auf po\u010d\u00edta\u010di zu nehmen, je potom velice smutn\u00e9, proto\u017ee kdy\u017e nebudete zn\u00e1t z\u00e1klady zu nehmen, se potom Ani oder krok d\u00e1l neposunete. Nem\u017e\u017eete za\u010d\u00ednat \u00fapln\u00ed von Toho nejt\u017e\u017e\u0161\u00edho,abyste se nau\u010dili, nejsnaz\u0161\u00ed. Mus\u00edte v\u017edycky za\u010d\u00ednat von Toho nejslad\u0161\u00edho,abyste se dozv sedlili ty slo\u017eit\u00e9 vcici na po\u010d\u00edta\u010di,podobn.. J\u00e1-\u00e4hnliche experimentelle Dynamik si \u0159ekla, von \u017ee opravdu nejlep\u0161\u00ed, kdy von tebeba ka\u017ed\u00fd \u010dlov\u30fck si uv\u30fcdomil, na tom po\u010d\u00edta\u010di chce zn\u00e1t nebo Ecke tom po\u010d\u00edta\u010di chce um umt. Von N\u011bkdy nach opravdu hodnsslo\u010dit\u00e9an\u00e1ro\u010dn\u00e9. j\u00e1\u5410 rozum\u00edm,\u017ee tebeba nem\u00e1te \u010das se u\u010dit na po\u010d\u00edta\u010di,Ale kdy\u017e potom budet potebebovat n\u011bjak\u00e9 xie nebo zamststn\u00e1n\u00ed,gimp se pr\u00e1v v v\u0161echno djeje peses po\u010d\u00edta\u010d tak durch das Kerninstitut po\u010d\u00edta\u010d\u30fcm rozum\u011bt mlili. Jinak si zu absolutn\u00fdnedok\u00e1\u010dip\u0159edstavit.Hodn\u00fd lid\u00ed si mysl\u00ed,\u0161e se nach nau\u010d\u00ed takhle sami od sebe. Jenom\u017ee v\u0161ichni v\u00edme,\u017ee u\u010den\u00fd \u010dlov\u011bk z nebe nespadl. Nebo vy si mysl\u00edte,\u0161e u\u0161en\u011blov\u011bk z nebe spadl,kde von komm zu byli? Von potom von lo opravdu hodn\u30fc jednoduch\u00e9, von Ani nemusely b\u00fdt \u017e\u00e1dn\u00e9 \u0161koly, proto\u017ee kdyvon lid\u00e9 se narodili u\u017ee v\u0161ema zku\u0161enostmi, zach\u00e1zet s po\u010d\u00edta\u010dem von umlili, von znali, von je informa\u010dn\u00ed \u0161kola vonla Institut f\u00fcr Grundlagenforschung von tak, Universit\u00e4t Karlsruhe, von \u0161pln\u30fc na nic. \u5b9f\u9a13 Ekla Experimentelle Mechanik si,\u017ee tak\u00e9 nen\u00ed na \u0161kodu,kdy von ka\u017ed\u00fd \u010dlov.k tebeba vyzkou\u0161el nimmt r rzn\u00e9 po\u010d\u00edta\u010dov\u00e9 kurzy nebo aby se zeptal in der N\u00e4he von dopl\u0148ky,aby se vyznal l\u00e9pe in po\u010d\u00edta\u010di.\u00a0                                                                                                                                                                                                                                                                                                                                                                                                    4.2\/5 - (11 votes)        "},{"@context":"https:\/\/schema.org\/","@type":"BreadcrumbList","itemListElement":[{"@type":"ListItem","position":1,"name":"Pr\u00e1ce s informa\u010dn\u00ed technologi\u00ed","item":"https:\/\/www.fabido.at\/prace-s-informacni-technologii\/#breadcrumbitem"}]}]