[{"@context":"https:\/\/schema.org\/","@type":"Blog","@id":"https:\/\/www.fabido.at#Blog","headline":"Fabido","description":"\nM\u00f6chten Sie, dass Ihr Ruhm die Sterne ber\u00fchrt? Dann bereuen Sie nicht, dass Prinzessin Libu\u0161e nicht mehr hier lebt. Sogar unsere Website kann Sie ber\u00fchmt machen wie Libu\u0161as Prophezeiung von Prag.","url":"https:\/\/www.fabido.at","hasPart":[{"@type":"Article","@id":"https:\/\/www.fabido.at\/traktor-kombajn\/","headline":"Traktor,kombajn","url":"https:\/\/www.fabido.at\/traktor-kombajn\/","datePublished":"2023-05-04","dateModified":"2023-05-04","mainEntityOfPage":"https:\/\/www.fabido.at\/traktor-kombajn\/","author":{"@type":"Person","@id":"https:\/\/www.fabido.at\/author\/#Person","name":"","url":"https:\/\/www.fabido.at\/author\/","identifier":1,"image":{"@type":"ImageObject","@id":"https:\/\/secure.gravatar.com\/avatar\/6196ab3290f0588684cbf95ce4767834b8315bcb507f63d5b017eaff100340dd?s=96&d=mm&r=g","url":"https:\/\/secure.gravatar.com\/avatar\/6196ab3290f0588684cbf95ce4767834b8315bcb507f63d5b017eaff100340dd?s=96&d=mm&r=g","height":96,"width":96}},"publisher":{"@type":"Organization","name":"fabido.at","logo":{"@type":"ImageObject","@id":"\/logo.png","url":"\/logo.png","width":600,"height":60}},"image":{"@type":"ImageObject","@id":"https:\/\/www.fabido.at\/wp-content\/uploads\/harvest-5339584_1280.jpg","url":"https:\/\/www.fabido.at\/wp-content\/uploads\/harvest-5339584_1280.jpg","height":0,"width":0},"wordCount":561,"keywords":null},{"@type":"Article","@id":"https:\/\/www.fabido.at\/cada-mujer-es-diferente\/","headline":"Cada mujer es diferente","url":"https:\/\/www.fabido.at\/cada-mujer-es-diferente\/","datePublished":"2023-05-01","dateModified":"2023-05-01","mainEntityOfPage":"https:\/\/www.fabido.at\/cada-mujer-es-diferente\/","author":{"@type":"Person","@id":"https:\/\/www.fabido.at\/author\/#Person","name":"","url":"https:\/\/www.fabido.at\/author\/","identifier":1,"image":{"@type":"ImageObject","@id":"https:\/\/secure.gravatar.com\/avatar\/6196ab3290f0588684cbf95ce4767834b8315bcb507f63d5b017eaff100340dd?s=96&d=mm&r=g","url":"https:\/\/secure.gravatar.com\/avatar\/6196ab3290f0588684cbf95ce4767834b8315bcb507f63d5b017eaff100340dd?s=96&d=mm&r=g","height":96,"width":96}},"publisher":{"@type":"Organization","name":"fabido.at","logo":{"@type":"ImageObject","@id":"\/logo.png","url":"\/logo.png","width":600,"height":60}},"image":{"@type":"ImageObject","@id":"https:\/\/www.fabido.at\/wp-content\/uploads\/woman-1995624_640_3.jpg","url":"https:\/\/www.fabido.at\/wp-content\/uploads\/woman-1995624_640_3.jpg","height":0,"width":0},"wordCount":448,"keywords":null},{"@type":"Article","@id":"https:\/\/www.fabido.at\/kahle-wande-tragen-nicht\/","headline":"Kahle W\u00e4nde tragen nicht","url":"https:\/\/www.fabido.at\/kahle-wande-tragen-nicht\/","datePublished":"2023-04-30","dateModified":"2023-04-30","mainEntityOfPage":"https:\/\/www.fabido.at\/kahle-wande-tragen-nicht\/","author":{"@type":"Person","@id":"https:\/\/www.fabido.at\/author\/#Person","name":"","url":"https:\/\/www.fabido.at\/author\/","identifier":1,"image":{"@type":"ImageObject","@id":"https:\/\/secure.gravatar.com\/avatar\/6196ab3290f0588684cbf95ce4767834b8315bcb507f63d5b017eaff100340dd?s=96&d=mm&r=g","url":"https:\/\/secure.gravatar.com\/avatar\/6196ab3290f0588684cbf95ce4767834b8315bcb507f63d5b017eaff100340dd?s=96&d=mm&r=g","height":96,"width":96}},"publisher":{"@type":"Organization","name":"fabido.at","logo":{"@type":"ImageObject","@id":"\/logo.png","url":"\/logo.png","width":600,"height":60}},"image":{"@type":"ImageObject","@id":"https:\/\/www.fabido.at\/wp-content\/uploads\/img_a334175_w2811_t1547842631.jpg","url":"https:\/\/www.fabido.at\/wp-content\/uploads\/img_a334175_w2811_t1547842631.jpg","height":0,"width":0},"wordCount":488,"keywords":null},{"@type":"Article","@id":"https:\/\/www.fabido.at\/website-und-computer\/","headline":"Website und Computer","url":"https:\/\/www.fabido.at\/website-und-computer\/","datePublished":"2023-04-27","dateModified":"2023-04-27","mainEntityOfPage":"https:\/\/www.fabido.at\/website-und-computer\/","author":{"@type":"Person","@id":"https:\/\/www.fabido.at\/author\/#Person","name":"","url":"https:\/\/www.fabido.at\/author\/","identifier":1,"image":{"@type":"ImageObject","@id":"https:\/\/secure.gravatar.com\/avatar\/6196ab3290f0588684cbf95ce4767834b8315bcb507f63d5b017eaff100340dd?s=96&d=mm&r=g","url":"https:\/\/secure.gravatar.com\/avatar\/6196ab3290f0588684cbf95ce4767834b8315bcb507f63d5b017eaff100340dd?s=96&d=mm&r=g","height":96,"width":96}},"publisher":{"@type":"Organization","name":"fabido.at","logo":{"@type":"ImageObject","@id":"\/logo.png","url":"\/logo.png","width":600,"height":60}},"image":{"@type":"ImageObject","@id":"https:\/\/www.fabido.at\/wp-content\/uploads\/computer-2565478_1280_10_3.jpg_2..jpg","url":"https:\/\/www.fabido.at\/wp-content\/uploads\/computer-2565478_1280_10_3.jpg_2..jpg","height":0,"width":0},"wordCount":493,"keywords":null},{"@type":"Article","@id":"https:\/\/www.fabido.at\/ventanas-en-el-tejado-con-o-sin-ellas\/","headline":"Ventanas en el tejado: \u00bfcon o sin ellas?","url":"https:\/\/www.fabido.at\/ventanas-en-el-tejado-con-o-sin-ellas\/","datePublished":"2023-04-18","dateModified":"2023-04-18","mainEntityOfPage":"https:\/\/www.fabido.at\/ventanas-en-el-tejado-con-o-sin-ellas\/","author":{"@type":"Person","@id":"https:\/\/www.fabido.at\/author\/#Person","name":"","url":"https:\/\/www.fabido.at\/author\/","identifier":1,"image":{"@type":"ImageObject","@id":"https:\/\/secure.gravatar.com\/avatar\/6196ab3290f0588684cbf95ce4767834b8315bcb507f63d5b017eaff100340dd?s=96&d=mm&r=g","url":"https:\/\/secure.gravatar.com\/avatar\/6196ab3290f0588684cbf95ce4767834b8315bcb507f63d5b017eaff100340dd?s=96&d=mm&r=g","height":96,"width":96}},"publisher":{"@type":"Organization","name":"fabido.at","logo":{"@type":"ImageObject","@id":"\/logo.png","url":"\/logo.png","width":600,"height":60}},"image":{"@type":"ImageObject","@id":"https:\/\/www.fabido.at\/wp-content\/uploads\/house-326991_640_2.jpg","url":"https:\/\/www.fabido.at\/wp-content\/uploads\/house-326991_640_2.jpg","height":0,"width":0},"wordCount":454,"keywords":null},{"@type":"Article","@id":"https:\/\/www.fabido.at\/sie-fahren-in-den-urlaub-hier-sind-einige-tipps-um-zu-vermeiden-dass-sie-in-ein-eingebrochenes-haus-zuruckkehren\/","headline":"Sie fahren in den Urlaub? Hier sind einige Tipps, um zu vermeiden, dass Sie in ein eingebrochenes Haus zur\u00fcckkehren.","url":"https:\/\/www.fabido.at\/sie-fahren-in-den-urlaub-hier-sind-einige-tipps-um-zu-vermeiden-dass-sie-in-ein-eingebrochenes-haus-zuruckkehren\/","datePublished":"2023-03-29","dateModified":"2023-03-29","mainEntityOfPage":"https:\/\/www.fabido.at\/sie-fahren-in-den-urlaub-hier-sind-einige-tipps-um-zu-vermeiden-dass-sie-in-ein-eingebrochenes-haus-zuruckkehren\/","author":{"@type":"Person","@id":"https:\/\/www.fabido.at\/author\/#Person","name":"","url":"https:\/\/www.fabido.at\/author\/","identifier":1,"image":{"@type":"ImageObject","@id":"https:\/\/secure.gravatar.com\/avatar\/6196ab3290f0588684cbf95ce4767834b8315bcb507f63d5b017eaff100340dd?s=96&d=mm&r=g","url":"https:\/\/secure.gravatar.com\/avatar\/6196ab3290f0588684cbf95ce4767834b8315bcb507f63d5b017eaff100340dd?s=96&d=mm&r=g","height":96,"width":96}},"publisher":{"@type":"Organization","name":"fabido.at","logo":{"@type":"ImageObject","@id":"\/logo.png","url":"\/logo.png","width":600,"height":60}},"image":{"@type":"ImageObject","@id":"https:\/\/www.fabido.at\/wp-content\/uploads\/img_a319854_w2578_t1530993430.jpg","url":"https:\/\/www.fabido.at\/wp-content\/uploads\/img_a319854_w2578_t1530993430.jpg","height":0,"width":0},"wordCount":488,"keywords":null},{"@type":"Article","@id":"https:\/\/www.fabido.at\/forscher\/","headline":"Forscher","url":"https:\/\/www.fabido.at\/forscher\/","datePublished":"2023-03-23","dateModified":"2023-03-23","mainEntityOfPage":"https:\/\/www.fabido.at\/forscher\/","author":{"@type":"Person","@id":"https:\/\/www.fabido.at\/author\/#Person","name":"","url":"https:\/\/www.fabido.at\/author\/","identifier":1,"image":{"@type":"ImageObject","@id":"https:\/\/secure.gravatar.com\/avatar\/6196ab3290f0588684cbf95ce4767834b8315bcb507f63d5b017eaff100340dd?s=96&d=mm&r=g","url":"https:\/\/secure.gravatar.com\/avatar\/6196ab3290f0588684cbf95ce4767834b8315bcb507f63d5b017eaff100340dd?s=96&d=mm&r=g","height":96,"width":96}},"publisher":{"@type":"Organization","name":"fabido.at","logo":{"@type":"ImageObject","@id":"\/logo.png","url":"\/logo.png","width":600,"height":60}},"image":{"@type":"ImageObject","@id":"https:\/\/www.fabido.at\/wp-content\/uploads\/img_a322981_w2088_t1534836563.jpg","url":"https:\/\/www.fabido.at\/wp-content\/uploads\/img_a322981_w2088_t1534836563.jpg","height":0,"width":0},"wordCount":410,"keywords":null},{"@type":"Article","@id":"https:\/\/www.fabido.at\/dlelezit-po-pocitac\/","headline":"Dlele\u017eit po po\u010d\u00edta\u010d","url":"https:\/\/www.fabido.at\/dlelezit-po-pocitac\/","datePublished":"2023-03-03","dateModified":"2023-03-03","mainEntityOfPage":"https:\/\/www.fabido.at\/dlelezit-po-pocitac\/","author":{"@type":"Person","@id":"https:\/\/www.fabido.at\/author\/#Person","name":"","url":"https:\/\/www.fabido.at\/author\/","identifier":1,"image":{"@type":"ImageObject","@id":"https:\/\/secure.gravatar.com\/avatar\/6196ab3290f0588684cbf95ce4767834b8315bcb507f63d5b017eaff100340dd?s=96&d=mm&r=g","url":"https:\/\/secure.gravatar.com\/avatar\/6196ab3290f0588684cbf95ce4767834b8315bcb507f63d5b017eaff100340dd?s=96&d=mm&r=g","height":96,"width":96}},"publisher":{"@type":"Organization","name":"fabido.at","logo":{"@type":"ImageObject","@id":"\/logo.png","url":"\/logo.png","width":600,"height":60}},"image":{"@type":"ImageObject","@id":"https:\/\/www.fabido.at\/wp-content\/uploads\/industry-2692459_1280.jpg","url":"https:\/\/www.fabido.at\/wp-content\/uploads\/industry-2692459_1280.jpg","height":0,"width":0},"wordCount":531,"keywords":null},{"@type":"Article","@id":"https:\/\/www.fabido.at\/der-korper-der-frau\/","headline":"Der K\u00f6rper der Frau","url":"https:\/\/www.fabido.at\/der-korper-der-frau\/","datePublished":"2023-02-11","dateModified":"2023-02-11","mainEntityOfPage":"https:\/\/www.fabido.at\/der-korper-der-frau\/","author":{"@type":"Person","@id":"https:\/\/www.fabido.at\/author\/#Person","name":"","url":"https:\/\/www.fabido.at\/author\/","identifier":1,"image":{"@type":"ImageObject","@id":"https:\/\/secure.gravatar.com\/avatar\/6196ab3290f0588684cbf95ce4767834b8315bcb507f63d5b017eaff100340dd?s=96&d=mm&r=g","url":"https:\/\/secure.gravatar.com\/avatar\/6196ab3290f0588684cbf95ce4767834b8315bcb507f63d5b017eaff100340dd?s=96&d=mm&r=g","height":96,"width":96}},"publisher":{"@type":"Organization","name":"fabido.at","logo":{"@type":"ImageObject","@id":"\/logo.png","url":"\/logo.png","width":600,"height":60}},"image":{"@type":"ImageObject","@id":"https:\/\/www.fabido.at\/wp-content\/uploads\/woman-600238_640_1.jpg","url":"https:\/\/www.fabido.at\/wp-content\/uploads\/woman-600238_640_1.jpg","height":0,"width":0},"wordCount":500,"keywords":null},{"@type":"Article","@id":"https:\/\/www.fabido.at\/","headline":"","url":"https:\/\/www.fabido.at\/","datePublished":"2023-02-10","dateModified":"2023-02-10","mainEntityOfPage":"https:\/\/www.fabido.at\/","author":{"@type":"Person","@id":"https:\/\/www.fabido.at\/author\/#Person","name":"","url":"https:\/\/www.fabido.at\/author\/","identifier":1,"image":{"@type":"ImageObject","@id":"https:\/\/secure.gravatar.com\/avatar\/6196ab3290f0588684cbf95ce4767834b8315bcb507f63d5b017eaff100340dd?s=96&d=mm&r=g","url":"https:\/\/secure.gravatar.com\/avatar\/6196ab3290f0588684cbf95ce4767834b8315bcb507f63d5b017eaff100340dd?s=96&d=mm&r=g","height":96,"width":96}},"publisher":{"@type":"Organization","name":"fabido.at","logo":{"@type":"ImageObject","@id":"\/logo.png","url":"\/logo.png","width":600,"height":60}},"image":{"@type":"ImageObject","@id":"https:\/\/www.fabido.at\/wp-content\/uploads\/img_a325010_w1982_t1536955543.jpg","url":"https:\/\/www.fabido.at\/wp-content\/uploads\/img_a325010_w1982_t1536955543.jpg","height":0,"width":0},"wordCount":460,"keywords":null}]},{"@context":"https:\/\/schema.org","@type":"WebSite","@id":"https:\/\/www.fabido.at\/#website","name":"Fabido","url":"https:\/\/www.fabido.at","potentialAction":{"@type":"SearchAction","target":"https:\/\/www.fabido.at\/?s={search_term_string}","query-input":"required name=search_term_string"}}]